{"id":13857,"date":"2023-12-19T16:53:55","date_gmt":"2023-12-19T15:53:55","guid":{"rendered":"https:\/\/voxvigor.se\/?p=13857"},"modified":"2023-12-19T16:53:55","modified_gmt":"2023-12-19T15:53:55","slug":"jul-i-gemenskap","status":"publish","type":"post","link":"https:\/\/voxvigor.se\/bricks-staging\/jul-i-gemenskap\/","title":{"rendered":"Jul i gemenskap f\u00f6r att bek\u00e4mpa ensamhet"},"content":{"rendered":"\n<p><strong>F\u00f6r m\u00e5nga m\u00e4nniskor inneb\u00e4r julen \u00e5ngest och ensamhet. Men s\u00e5 beh\u00f6ver det inte vara. M\u00e5nga ideella organisationer, f\u00f6retag och privatpersoner runt om i Sverige anordnar firande \u00f6ver julhelgen, f\u00f6r dem som beh\u00f6ver det. Vox Vigor har tillsammans med skribenten Staffan sammanst\u00e4llt en lista p\u00e5 billiga eller gratis julfiranden runt om i Sverige.<\/strong><\/p>\n\n\n\n<p><\/p>\n\n\n\n<h2 class=\"wp-block-heading has-medium-font-size\">Den utbredda ensamheten och dess konsekvenser<\/h2>\n\n\n\n<p>I Sverige \u00e4r 40 procent ensamhush\u00e5ll och det motsvarar ungef\u00e4r 2 miljoner hush\u00e5ll enligt Folkh\u00e4lsomyndigheten. Det finns ungef\u00e4r 300 000 personer som k\u00e4nner sig ofrivilligt ensamma eller 4 procent av befolkningen. Antalet \u00f6kar ytterligare med \u00e5ldern. Bland dem som \u00e4r mer \u00e4n 85 \u00e5r k\u00e4nner sig 17 procent ensamma hela tiden eller f\u00f6r det mesta. Ensamheten har blivit ett samh\u00e4llsproblem som p\u00e5verkar livskvalitet och h\u00e4lsa. Enligt tv\u00e5 studier fr\u00e5n 2009 respektive 2005 \u00e4r ensamhet sammankopplat med <a href=\"https:\/\/pubmed.ncbi.nlm.nih.gov\/19194770\/\">h\u00f6gt blodtryck<\/a> och <a href=\"https:\/\/pubmed.ncbi.nlm.nih.gov\/15898866\/\">s\u00e4mre immunf\u00f6rsvar<\/a>. En <a href=\"https:\/\/academic.oup.com\/eurpub\/article\/33\/Supplement_2\/ckad160.335\/7327577\">dansk studie<\/a> fr\u00e5n 2023 visar att ensamhet leder till s\u00e4mre h\u00e4lsobeteenden s\u00e5som fysisk inaktivitet, r\u00f6kning och d\u00e5lig kost. En annan <a href=\"https:\/\/www.ncbi.nlm.nih.gov\/pmc\/articles\/PMC2910600\/\">studie<\/a> fr\u00e5n 2010 visar att ensamhetens h\u00e4lsoskadliga effekter \u00e4r dubbelt s\u00e5 stora som fetma och lika stora som alkoholism eller att r\u00f6ka 15 cigaretter om dagen.<\/p>\n\n\n\n<h2 class=\"wp-block-heading has-medium-font-size\">Ensamheten hos psykiskt sjuka<\/h2>\n\n\n\n<p>En av de mest utsatta grupperna \u00e4r psykiskt sjuka. En orsak \u00e4r att psykisk oh\u00e4lsa kan leda till social isolering och sv\u00e5righeter att uppr\u00e4tth\u00e5lla sociala relationer. Ensamheten f\u00f6r psykiskt sjuka \u00e4r allvarlig eftersom den kan f\u00f6rs\u00e4mra b\u00e5de den psykiska och fysiska h\u00e4lsan och dessutom \u00f6ka risken f\u00f6r sj\u00e4lvmord.<\/p>\n\n\n\n<h2 class=\"wp-block-heading has-medium-font-size\">M\u00f6jligheten till gemenskap i Jul<\/h2>\n\n\n\n<p>Vad kan du g\u00f6ra ifall du k\u00e4nner dig ensam nu i juletider? I Stockholm finns flera organisationer som arrangerar sociala m\u00f6ten kring julen. Flera f\u00f6rsamlingar i Svenska kyrkan bjuder in till julfirande under juldagarna. Exempel \u00e4r Immanuelskyrkan, Centrumkyrkan i Farsta och Fr\u00e4lsningsarm\u00e9n Templet som anordnar julfirandet<a href=\"https:\/\/www.juligemenskap.se\"> \u201dJul i gemenskap\u201d<\/a> och dit \u00e4r alla v\u00e4lkomna. Sofiakyrkan i Stockholm har dessutom skapat en m\u00f6tesplats som kallas <a href=\"https:\/\/www.svenskakyrkan.se\/sofia\/motesplatser\">Anonyma ensamma<\/a>, d\u00e4r m\u00e4nniskor tr\u00e4ffas regelbundet f\u00f6r att knyta nya kontakter. Om du s\u00f6ker gemenskap utanf\u00f6r kyrkan ordnar <a href=\"https:\/\/www.stadsmissionen.se\/motesplatser\">Stadsmissionen<\/a> julfirande vid sin m\u00f6tesplats p\u00e5 Mariatorget. \u00c4ven <a href=\"https:\/\/nyaragsvedsfolketshus.se\/\">Nya R\u00e5gsveds Folkets Hus<\/a> firar jul. Det blir f\u00f6r 41:a g\u00e5ngen en traditionsenlig Gemensam Jul d\u00e4r alla \u00e4r v\u00e4lkomna.<\/p>\n\n\n\n<p>F\u00f6r personer med psykisk oh\u00e4lsa finns \u00e4ven m\u00f6jligheten att g\u00e5 med i lokala f\u00f6reningar som <a href=\"https:\/\/rsmh.se\/stockholm-gotlands-lan\/\">RSMH <\/a>(Riksf\u00f6rbundet f\u00f6r Social och Mental H\u00e4lsa), <a href=\"https:\/\/balansstockholm.se\/\">Balans<\/a>, <a href=\"https:\/\/ifscs.se\/\">IFS<\/a> (Intressef\u00f6reningar f\u00f6r Schizofreni och liknande psykossjukdomar), <a href=\"https:\/\/www.fountainhouse.se\/\">Fountain House Stockholm<\/a> och <a href=\"https:\/\/fhskondal.se\/\">Font\u00e4nhuset Sk\u00f6nda<\/a>l. Dessa lokala f\u00f6reningar och organisationer arrangerar ofta aktiviteter kring jul. S\u00e5 om du k\u00e4nner dig ensam tveka inte, ta kontakt med n\u00e5gon organisation och delta i deras julfirande. Du kommer inte att \u00e5ngra dig. Delad gl\u00e4dje \u00e4r dubbel gl\u00e4dje.<\/p>\n\n\n\n<p>Text: Staffan <\/p>\n\n\n\n<p><\/p>\n\n\n\n<h2 class=\"wp-block-heading has-medium-font-size\">RSMH:s lokalf\u00f6reningar \u00f6ppnar d\u00f6rrarna<\/h2>\n\n\n\n<p>Riksf\u00f6rbundet f\u00f6r Social och Mental H\u00e4lsa, RSMH, har just nu en julkampanj d\u00e4r tio stycken lokalf\u00f6reningar har satsat extra p\u00e5 jul i gemenskap. Dessa f\u00f6reningar finns i Kalix, Timr\u00e5, S\u00e4ter, Boden, Fj\u00e4llsj\u00f6, Hallstahammar, Gimo, Gotland, Lund och S\u00f6dert\u00e4lje.<\/p>\n\n\n\n<p>L\u00e4s mer om RSMH:s julkampanj och hitta lokalf\u00f6reningarna <a href=\"https:\/\/rsmh.se\/lokalforeningar\/\">H\u00c4R &gt;<\/a> <br><\/p>\n\n\n\n<h2 class=\"wp-block-heading has-large-font-size\">Fler tips p\u00e5 julfirande 2023<\/h2>\n\n\n\n<p>H\u00e4r hittar du fler tips runt om i Sverige. Klicka p\u00e5 l\u00e4nkarna f\u00f6r mer information om eventet. <\/p>\n\n\n\n<h3 class=\"wp-block-heading\">H\u00c4RN\u00d6SAND<\/h3>\n\n\n\n<p>Svenska Kyrkan i H\u00e4rn\u00f6sand firar Jul i Gemenskap, De tr\u00e4ffas f\u00f6r julgr\u00f6t och skinksm\u00f6rg\u00e5s, s\u00e5ng och gemenskap i domkyrkans f\u00f6rsamlingsg\u00e5rd<br>24 december, klockan 12.00 -14.00. <br>Anm\u00e4lan Senast 19\/12.<\/p>\n\n\n\n<p>Mer info och anm\u00e4lan hittar du <a href=\"https:\/\/www.facebook.com\/events\/656406060030318\/?acontext=%7B%22event_action_history%22%3A[%7B%22mechanism%22%3A%22search_results%22%2C%22surface%22%3A%22bookmark_search%22%7D]%2C%22ref_notif_type%22%3Anull%7D\">H\u00c4R &gt;<\/a><\/p>\n\n\n\n<p><\/p>\n\n\n\n<h3 class=\"wp-block-heading\">SUNDSVALL<\/h3>\n\n\n\n<p>RSMH Sundsvall tr\u00e4ffas p\u00e5 julafton f\u00f6r att \u00e4ta gr\u00f6t och fika lite enklare fika. Ingen kostnad.<br>24 december, klockan 11.00 <br>Sista anm\u00e4lningsdag \u00e4r fredag den 23 december.<\/p>\n\n\n\n<p>Mer info och anm\u00e4lan hittar du <a href=\"https:\/\/www.facebook.com\/rsmhsundsvall\/?locale=sv_SE\">H\u00c4R &gt;<\/a><\/p>\n\n\n\n<p><\/p>\n\n\n\n<h3 class=\"wp-block-heading\">G\u00c4VLE<\/h3>\n\n\n\n<p>P\u00e5 julafton \u00f6ppnar Royal Shipping AB i samarbete med Fisk&amp;Skaldjur i G\u00e4vle AB \u00e5terigen d\u00f6rrarna f\u00f6r Dig som k\u00e4mpar med heml\u00f6shet eller med ensamhet f\u00f6r att fira jul i v\u00e4rme och gemenskap. Tillsammans grillar vi korv p\u00e5 kajen &amp; \u00e4ter sedan en Jultallrik, dricker julmust &amp; umg\u00e5s i v\u00e4rmen ombord p\u00e5 M\/S Kung Carl Gustaf som ligger f\u00f6rt\u00f6jd p\u00e5 S. Skeppsbron (vid Lim\u00f6b\u00e5ten)<br>24 december, klockan 13.00-15.00<\/p>\n\n\n\n<p>Mer information <a href=\"https:\/\/www.facebook.com\/goran.delin\/posts\/pfbid022cyAuipm69DdrFnW1tqtGx3oCfp5DLzZ73Co9zVJtbk12dFssXZk8yQQv7o2Z62pl\">H\u00c4R &gt;<\/a><\/p>\n\n\n\n<p><\/p>\n\n\n\n<h3 class=\"wp-block-heading\">RIMBO<\/h3>\n\n\n\n<p>Rimbo badhus arrangerar En jul f\u00f6r alla p\u00e5 julafton. Julfirandet riktar sig fr\u00e4mst till v\u00e5ra mest utsatta i samh\u00e4llet som inte ska beh\u00f6va sitta ensamma p\u00e5 julafton. Mellan klockan 11 och 14 erbjuds julfika, julklappar och bad!<br>24 december, klockan 11.00-14.00<\/p>\n\n\n\n<p>Mer information <a href=\"https:\/\/www.norrtalje.se\/nyheterna\/2023-112\/rimbo-badhus-ordnar-julfirande-for-ensamma-pa-julafton\/?fbclid=IwAR2lR2EECp-PAg317WIpfIj9PW-Q5-XU_q75j_7mCtBRmV_P9EGu9sqpM7Q\">H\u00c4R &gt;<\/a><\/p>\n\n\n\n<p><\/p>\n\n\n\n<h3 class=\"wp-block-heading\">UPPSALA<\/h3>\n\n\n\n<p>Jul p\u00e5 Uplands \u00e4r ett julfirande som har \u00e4gt rum p\u00e5 nationen sedan 1969. Evenemanget startade som ett alternativ f\u00f6r studenter som inte kunde resa hem \u00f6ver lovet. Firandet har f\u00f6r\u00e4ndrats sedan starten och \u00e4r nu \u00f6ppet f\u00f6r alla. Evenemanget \u00e4r kostnadsfritt, \u00f6ppet f\u00f6r alla, helt fritt fr\u00e5n droger och alkohol och finansieras genom donationer. Maten kommer fr\u00e4mst fr\u00e5n restauranger i Uppsalaomr\u00e5det<br>24 och 25 december, klockan 12.00-22.00<br>Uplands Nation<\/p>\n\n\n\n<p>Mer information <a href=\"https:\/\/uplandsnation.se\/jul-pa-uplands\/\">H\u00c4R &gt;<\/a><\/p>\n\n\n\n<h3 class=\"wp-block-heading\">LUND<\/h3>\n\n\n\n<p>Julgiven tillsammans med Eos Cares och Interkultur i Lund bjuder in till \u00e5rets festliga h\u00f6jdpunkt &#8211; Julgivenfesten! En kv\u00e4ll full av roliga aktiviteter f\u00f6r hela familjen.<br>T\u00e4vlingar, utst\u00e4llning, och mycket mer! Dessutom kommer sj\u00e4lvaste tomten att vara p\u00e5 plats f\u00f6r att sprida julgl\u00e4dje och dela ut sm\u00e5 \u00f6verraskningar till de sm\u00e5. Julgivenfesten \u00e4r \u00f6ppen f\u00f6r alla \u00e5ldrar, s\u00e5 ta med dina n\u00e4ra och k\u00e4ra. L\u00e5t oss tillsammans sprida julgl\u00e4dje och skapa en minnesv\u00e4rd kv\u00e4ll!<br>22 december 2023, 16:00 &#8211; 20:00<br>Plats: Eoshallen, Arkivgatan 32, Lund.<\/p>\n\n\n\n<p>Mer info och anm\u00e4lan <a href=\"https:\/\/www.eoscares.se\/events\/julgiven-2023\">H\u00c4R &gt;<\/a> och <a href=\"https:\/\/www.facebook.com\/groups\/352944335987664\/?locale=sv_SE\">H\u00c4R &gt;<\/a><\/p>\n\n\n\n<p><\/p>\n\n\n\n<h3 class=\"wp-block-heading\">MALM\u00d6<\/h3>\n\n\n\n<p>Jalla Jalla en Jul f\u00f6r Alla \u00e4r en \u00f6ppen julfest som arrangeras med m\u00e5let att alla ska kunna fira en jul i gemenskap. Alla \u00e4r v\u00e4lkomna!<br>De bjuder p\u00e5 julmat, julklappar till barnen, underh\u00e5llning, livemusik, aktiviteter f\u00f6r b\u00e5de barn och vuxna och en massa k\u00e4rlek. Julfesten arrangeras p\u00e5 Moriska Paviljongen i Malm\u00f6, f\u00f6r tionde \u00e5ret i rad. Under dagen brukar de f\u00e5 totalt 1000 bes\u00f6kare och ca 200 volont\u00e4rer. <br>24 december kl 10.00-20.00<\/p>\n\n\n\n<p>Mer information <a href=\"https:\/\/www.facebook.com\/jallajallaenjulforalla\">H\u00c4R &gt;<\/a> <\/p>\n\n\n\n<p><\/p>\n\n\n\n<h3 class=\"wp-block-heading\">G\u00d6TEBORG<\/h3>\n\n\n\n<p><strong>P\u00e5 Trappan\u00e9r<\/strong> bjuder man in till julfirande under december p\u00e5 Storgatan 39.<br>Julgr\u00f6t onsdagen 20 december klockan 10-12 med risgrynsgr\u00f6tsfrukost. Verksamheten har julst\u00e4ngt 21 december och \u00f6ppnar igen den 9 januari.<\/p>\n\n\n\n<p>Mer information <a href=\"https:\/\/centermothemloshet.goteborg.se\/karta\/trappaner\">H\u00c4R &gt;<\/a><\/p>\n\n\n\n<p><strong>Johanneskyrkan<\/strong> bjuder p\u00e5 julmat under julafton, juldagen och annandagen.<br>Mer information kring tider kommer p\u00e5 Johanneskyrkans hemsida <a href=\"https:\/\/www.stadsmissionen.org\/fira-jul-och-nyar-pa-motesplats-st-johanneskyrkan\/\">H\u00c4R &gt;<\/a><\/p>\n\n\n\n<p><strong>En anst\u00e4ndig jul p\u00e5 Pustervik<\/strong><br>F\u00f6r tionde g\u00e5ngen bjuder Pustervik in till &#8221;En Anst\u00e4ndig Jul&#8221; p\u00e5 julafton f\u00f6r ett kravl\u00f6st och religi\u00f6st obundet julfirande.<br>Vem du \u00e4n \u00e4r s\u00e5 \u00e4r du v\u00e4lkommen att ta del av maten, drycken och gemenskapen!<br>Firandet \u00e4r till f\u00f6r alla; alltifr\u00e5n heml\u00f6sa som s\u00f6ker mat och v\u00e4rme, \u00e4ldre ensamma m\u00e4nniskor som kanske inte har n\u00e5gon annanstans att ta v\u00e4gen, ensamst\u00e5ende f\u00f6r\u00e4ldrar som inte har barnen denna jul, utbytesstudenter, EU-migranter osv.<br>Frivilliga volont\u00e4rer ser till att alla trivs och blir n\u00f6jda under dagen och kv\u00e4llen.<br>Julmat och dryck (alkoholfritt) fr\u00e5n klockan 12.00, och det finns \u00e4ven kl\u00e4der\/hygienartiklar\/julklappar till alla bes\u00f6kare.<\/p>\n\n\n\n<p>24 december, klockan 11.30 och 20.00.<br>Pustervik, J\u00e4rntorgsgatan 12<\/p>\n\n\n\n<p>Mer information <a href=\"https:\/\/pustervik.nu\/event\/en-anstandig-jul\/\">H\u00c4R &gt;<\/a><\/p>\n\n\n\n<p><\/p>\n\n\n\n<h3 class=\"wp-block-heading\">NOL<\/h3>\n\n\n\n<p>Varje \u00e5r bjuder Svenska Kyrkan i Nol in till gemensamt julfirande i Nols kyrka p\u00e5 julafton. Vi \u00e4ter julmat och umg\u00e5s tillsammans. Hit \u00e4r alla v\u00e4lkomna! Du som vill ha s\u00e4llskap n\u00e5gra timmar p\u00e5 julafton \u00e4r varmt v\u00e4lkommen till Nols kyrka f\u00f6r firande. Vi \u00e4ter julmat och delar gemenskap tillsammans.<br>Du beh\u00f6ver inte anm\u00e4la dig och det \u00e4r helt kostnadsfritt.<\/p>\n\n\n\n<p>S\u00f6ndag 24 december, klockan 15.00-18.00<br>Nols kyrka, Nord\u00e4ngsv\u00e4gen 11 i Nol<\/p>\n\n\n\n<p>Mer information<a href=\"https:\/\/www.svenskakyrkan.se\/starrkarr-kilanda\/gemensamjul\"> H\u00c4R &gt;<\/a><\/p>\n\n\n\n<p><\/p>\n\n\n\n<h3 class=\"wp-block-heading\">ALINGS\u00c5S<\/h3>\n\n\n\n<p>Varmt v\u00e4lkommen till Jul i gemenskap. Alla \u00e4r v\u00e4lkomna. Julmat, juls\u00e5nger, kaffe, gemenskap och andakt. Ingen anm\u00e4lan och kostnadsfritt. Arrangeras av kyrkorna i Alings\u00e5s, Grand Hotel, Ica Maxi och Hela m\u00e4nniskan.<br>24 december, kl. 15.00-19.00<\/p>\n\n\n\n<p>Mer information <a href=\"https:\/\/www.facebook.com\/events\/360873276410486\/?ref=newsfeed&amp;locale=sv_SE\">H\u00c4R &gt;<\/a> <\/p>\n\n\n\n<p><\/p>\n\n\n\n<h3 class=\"wp-block-heading\">J\u00d6NK\u00d6PING<\/h3>\n\n\n\n<p>Nyfiket i J\u00f6nk\u00f6ping \u00f6ppnar d\u00f6rrarna f\u00f6r en gemensam jul. Vill du uppleva en gemenskap i jul? V\u00e4lkommen till Gemenskap i Jul 2023 p\u00e5 Kaf\u00e9 Nyfiket p\u00e5 Kulturhuset p\u00e5 T\u00e4ndsticksomr\u00e5det. Vi bjuder p\u00e5 frukost, jullunch\/julbord och kv\u00e4llsmat. Maten \u00e4r kostnadsfri.<br>D\u00f6rrarna \u00e4r \u00f6ppna p\u00e5 julafton, juldagen och annandagen mellan kl 8.00-20.00.<\/p>\n\n\n\n<p>Mer information<a href=\"https:\/\/www.facebook.com\/events\/1258620614834419\/?acontext=%7B%22event_action_history%22%3A[%7B%22mechanism%22%3A%22search_results%22%2C%22surface%22%3A%22bookmark_search%22%7D]%2C%22ref_notif_type%22%3Anull%7D\"> H\u00c4R &gt; <\/a><\/p>\n\n\n\n<p><\/p>\n\n\n\n<h3 class=\"wp-block-heading\">LINK\u00d6PING<\/h3>\n\n\n\n<p>Gemensam Jul i Link\u00f6ping bjuder in familjer med barn som har det lite sv\u00e5rt, speciellt nu under julen. Alla familjer med barn och de som \u00e4r ensamma \u00e4r v\u00e4lkomna.<br>24 december, klockan 12.00-16.00<br>Munkk\u00e4llaren<\/p>\n\n\n\n<p>Mer information <a href=\"https:\/\/www.facebook.com\/events\/269896568948232\/?acontext=%7B%22event_action_history%22%3A[%7B%22mechanism%22%3A%22search_results%22%2C%22surface%22%3A%22bookmark_search%22%7D]%2C%22ref_notif_type%22%3Anull%7D\">H\u00c4R &gt;<\/a> <\/p>\n\n\n\n<p><\/p>\n\n\n\n<h3 class=\"wp-block-heading\">MUNKEDAL<\/h3>\n\n\n\n<p>Ingen ska vara ensam \u2013 jul i Munkedal. Julen ska vara en tid f\u00f6r gemenskap, f\u00f6r m\u00e5nga \u00e4r julen precis tv\u00e4rtom. \u00c4r du en av alla som \u00e4r ensam p\u00e5 jul? Var inte det! Kom och fira jul med oss och andra.<\/p>\n\n\n\n<p>Vi \u00e4r tre br\u00f6der som f\u00f6r andra julen i f\u00f6ljd bjuder in till gemenskap under den dag p\u00e5 \u00e5ret d\u00e4r det beh\u00f6vs som mest. Vi bjuder p\u00e5 enklare julmat, alkoholfri dryck, gl\u00f6gg, s\u00e5ng och musik. Vill du bidra med n\u00e5got s\u00e5 g\u00f6r du det men det \u00e4r inget m\u00e5ste. Kom och k\u00e4nn v\u00e4rme och k\u00e4rlek ist\u00e4llet f\u00f6r kyla och \u00e5ngest. Vi kommer detta \u00e5r \u00e4ven ha med v\u00e5ra barn och vi ser alla fram emot en jul utan ensamhet.<br>24 december, klockan 14.00<\/p>\n\n\n\n<p>Mer information <a href=\"https:\/\/www.facebook.com\/events\/327672453365575\/\">H\u00c4R &gt; <\/a><\/p>\n","protected":false},"excerpt":{"rendered":"<p>F\u00f6r m\u00e5nga m\u00e4nniskor inneb\u00e4r julen \u00e5ngest och ensamhet. Men s\u00e5 beh\u00f6ver det inte vara. M\u00e5nga ideella organisationer, f\u00f6retag och privatpersoner runt om i Sverige anordnar firande \u00f6ver julhelgen, f\u00f6r dem [&hellip;]<\/p>\n","protected":false},"author":6,"featured_media":13875,"comment_status":"open","ping_status":"open","sticky":false,"template":"","format":"standard","meta":{"_acf_changed":false,"footnotes":""},"categories":[5,15],"tags":[399],"acf":[],"yoast_head":"<!-- This site is optimized with the Yoast SEO plugin v22.0 - https:\/\/yoast.com\/wordpress\/plugins\/seo\/ -->\n<title>Jul i gemenskap f\u00f6r att bek\u00e4mpa ensamhet - Bricks staging<\/title>\n<meta name=\"robots\" content=\"index, follow, max-snippet:-1, max-image-preview:large, max-video-preview:-1\" \/>\n<link rel=\"canonical\" href=\"https:\/\/voxvigor.se\/bricks-staging\/jul-i-gemenskap\/\" \/>\n<meta property=\"og:locale\" content=\"sv_SE\" \/>\n<meta property=\"og:type\" content=\"article\" \/>\n<meta property=\"og:title\" content=\"Jul i gemenskap f\u00f6r att bek\u00e4mpa ensamhet - Bricks staging\" \/>\n<meta property=\"og:description\" content=\"F\u00f6r m\u00e5nga m\u00e4nniskor inneb\u00e4r julen \u00e5ngest och ensamhet. Men s\u00e5 beh\u00f6ver det inte vara. M\u00e5nga ideella organisationer, f\u00f6retag och privatpersoner runt om i Sverige anordnar firande \u00f6ver julhelgen, f\u00f6r dem [&hellip;]\" \/>\n<meta property=\"og:url\" content=\"https:\/\/voxvigor.se\/bricks-staging\/jul-i-gemenskap\/\" \/>\n<meta property=\"og:site_name\" content=\"Bricks staging\" \/>\n<meta property=\"article:publisher\" content=\"https:\/\/www.facebook.com\/voxvigoruppsala\" \/>\n<meta property=\"article:published_time\" content=\"2023-12-19T15:53:55+00:00\" \/>\n<meta property=\"og:image\" content=\"https:\/\/voxvigor.se\/bricks-staging\/wp-content\/uploads\/2023\/12\/Jul-i-gemenskap.webp\" \/>\n\t<meta property=\"og:image:width\" content=\"2396\" \/>\n\t<meta property=\"og:image:height\" content=\"1600\" \/>\n\t<meta property=\"og:image:type\" content=\"image\/webp\" \/>\n<meta name=\"author\" content=\"Vox Vigor\" \/>\n<meta name=\"twitter:card\" content=\"summary_large_image\" \/>\n<meta name=\"twitter:label1\" content=\"Skriven av\" \/>\n\t<meta name=\"twitter:data1\" content=\"Vox Vigor\" \/>\n\t<meta name=\"twitter:label2\" content=\"Ber\u00e4knad l\u00e4stid\" \/>\n\t<meta name=\"twitter:data2\" content=\"8 minuter\" \/>\n<script type=\"application\/ld+json\" class=\"yoast-schema-graph\">{\"@context\":\"https:\/\/schema.org\",\"@graph\":[{\"@type\":\"Article\",\"@id\":\"https:\/\/voxvigor.se\/bricks-staging\/jul-i-gemenskap\/#article\",\"isPartOf\":{\"@id\":\"https:\/\/voxvigor.se\/bricks-staging\/jul-i-gemenskap\/\"},\"author\":{\"name\":\"Vox Vigor\",\"@id\":\"https:\/\/voxvigor.se\/bricks-staging\/#\/schema\/person\/6317c8a7107854d8acfddb8fafcf0a47\"},\"headline\":\"Jul i gemenskap f\u00f6r att bek\u00e4mpa ensamhet\",\"datePublished\":\"2023-12-19T15:53:55+00:00\",\"dateModified\":\"2023-12-19T15:53:55+00:00\",\"mainEntityOfPage\":{\"@id\":\"https:\/\/voxvigor.se\/bricks-staging\/jul-i-gemenskap\/\"},\"wordCount\":1694,\"commentCount\":0,\"publisher\":{\"@id\":\"https:\/\/voxvigor.se\/bricks-staging\/#organization\"},\"keywords\":[\"ensamhet\"],\"articleSection\":[\"Konsument\",\"Spartips\"],\"inLanguage\":\"sv-SE\",\"potentialAction\":[{\"@type\":\"CommentAction\",\"name\":\"Comment\",\"target\":[\"https:\/\/voxvigor.se\/bricks-staging\/jul-i-gemenskap\/#respond\"]}]},{\"@type\":\"WebPage\",\"@id\":\"https:\/\/voxvigor.se\/bricks-staging\/jul-i-gemenskap\/\",\"url\":\"https:\/\/voxvigor.se\/bricks-staging\/jul-i-gemenskap\/\",\"name\":\"Jul i gemenskap f\u00f6r att bek\u00e4mpa ensamhet - Bricks staging\",\"isPartOf\":{\"@id\":\"https:\/\/voxvigor.se\/bricks-staging\/#website\"},\"datePublished\":\"2023-12-19T15:53:55+00:00\",\"dateModified\":\"2023-12-19T15:53:55+00:00\",\"breadcrumb\":{\"@id\":\"https:\/\/voxvigor.se\/bricks-staging\/jul-i-gemenskap\/#breadcrumb\"},\"inLanguage\":\"sv-SE\",\"potentialAction\":[{\"@type\":\"ReadAction\",\"target\":[\"https:\/\/voxvigor.se\/bricks-staging\/jul-i-gemenskap\/\"]}]},{\"@type\":\"BreadcrumbList\",\"@id\":\"https:\/\/voxvigor.se\/bricks-staging\/jul-i-gemenskap\/#breadcrumb\",\"itemListElement\":[{\"@type\":\"ListItem\",\"position\":1,\"name\":\"Start\",\"item\":\"https:\/\/voxvigor.se\/bricks-staging\/\"},{\"@type\":\"ListItem\",\"position\":2,\"name\":\"\u00d6vrigt\",\"item\":\"https:\/\/voxvigor.se\/bricks-staging\/category\/ovrigt\/\"},{\"@type\":\"ListItem\",\"position\":3,\"name\":\"Jul i gemenskap f\u00f6r att bek\u00e4mpa ensamhet\"}]},{\"@type\":\"WebSite\",\"@id\":\"https:\/\/voxvigor.se\/bricks-staging\/#website\",\"url\":\"https:\/\/voxvigor.se\/bricks-staging\/\",\"name\":\"Bricks staging\",\"description\":\"En n\u00e4ttidning f\u00f6r dig med psykisk oh\u00e4lsa\",\"publisher\":{\"@id\":\"https:\/\/voxvigor.se\/bricks-staging\/#organization\"},\"potentialAction\":[{\"@type\":\"SearchAction\",\"target\":{\"@type\":\"EntryPoint\",\"urlTemplate\":\"https:\/\/voxvigor.se\/bricks-staging\/?s={search_term_string}\"},\"query-input\":\"required name=search_term_string\"}],\"inLanguage\":\"sv-SE\"},{\"@type\":\"Organization\",\"@id\":\"https:\/\/voxvigor.se\/bricks-staging\/#organization\",\"name\":\"Vox Vigor\",\"url\":\"https:\/\/voxvigor.se\/bricks-staging\/\",\"logo\":{\"@type\":\"ImageObject\",\"inLanguage\":\"sv-SE\",\"@id\":\"https:\/\/voxvigor.se\/bricks-staging\/#\/schema\/logo\/image\/\",\"url\":\"https:\/\/voxvigor.se\/bricks-staging\/wp-content\/uploads\/2017\/12\/VoxVigorHeader.jpg\",\"contentUrl\":\"https:\/\/voxvigor.se\/bricks-staging\/wp-content\/uploads\/2017\/12\/VoxVigorHeader.jpg\",\"width\":1024,\"height\":254,\"caption\":\"Vox Vigor\"},\"image\":{\"@id\":\"https:\/\/voxvigor.se\/bricks-staging\/#\/schema\/logo\/image\/\"},\"sameAs\":[\"https:\/\/www.facebook.com\/voxvigoruppsala\"]},{\"@type\":\"Person\",\"@id\":\"https:\/\/voxvigor.se\/bricks-staging\/#\/schema\/person\/6317c8a7107854d8acfddb8fafcf0a47\",\"name\":\"Vox Vigor\",\"image\":{\"@type\":\"ImageObject\",\"inLanguage\":\"sv-SE\",\"@id\":\"https:\/\/voxvigor.se\/bricks-staging\/#\/schema\/person\/image\/\",\"url\":\"https:\/\/secure.gravatar.com\/avatar\/c1e1e17b70478ec8e963d10e98122b95?s=96&d=mm&r=g\",\"contentUrl\":\"https:\/\/secure.gravatar.com\/avatar\/c1e1e17b70478ec8e963d10e98122b95?s=96&d=mm&r=g\",\"caption\":\"Vox Vigor\"},\"sameAs\":[\"https:\/\/voxvigor.se\/bricks-staging\"],\"url\":\"https:\/\/voxvigor.se\/bricks-staging\/author\/voxvigorgmail-com\/\"}]}<\/script>\n<!-- \/ Yoast SEO plugin. -->","yoast_head_json":{"title":"Jul i gemenskap f\u00f6r att bek\u00e4mpa ensamhet - Bricks staging","robots":{"index":"index","follow":"follow","max-snippet":"max-snippet:-1","max-image-preview":"max-image-preview:large","max-video-preview":"max-video-preview:-1"},"canonical":"https:\/\/voxvigor.se\/bricks-staging\/jul-i-gemenskap\/","og_locale":"sv_SE","og_type":"article","og_title":"Jul i gemenskap f\u00f6r att bek\u00e4mpa ensamhet - Bricks staging","og_description":"F\u00f6r m\u00e5nga m\u00e4nniskor inneb\u00e4r julen \u00e5ngest och ensamhet. Men s\u00e5 beh\u00f6ver det inte vara. M\u00e5nga ideella organisationer, f\u00f6retag och privatpersoner runt om i Sverige anordnar firande \u00f6ver julhelgen, f\u00f6r dem [&hellip;]","og_url":"https:\/\/voxvigor.se\/bricks-staging\/jul-i-gemenskap\/","og_site_name":"Bricks staging","article_publisher":"https:\/\/www.facebook.com\/voxvigoruppsala","article_published_time":"2023-12-19T15:53:55+00:00","og_image":[{"width":2396,"height":1600,"url":"https:\/\/voxvigor.se\/bricks-staging\/wp-content\/uploads\/2023\/12\/Jul-i-gemenskap.webp","type":"image\/webp"}],"author":"Vox Vigor","twitter_card":"summary_large_image","twitter_misc":{"Skriven av":"Vox Vigor","Ber\u00e4knad l\u00e4stid":"8 minuter"},"schema":{"@context":"https:\/\/schema.org","@graph":[{"@type":"Article","@id":"https:\/\/voxvigor.se\/bricks-staging\/jul-i-gemenskap\/#article","isPartOf":{"@id":"https:\/\/voxvigor.se\/bricks-staging\/jul-i-gemenskap\/"},"author":{"name":"Vox Vigor","@id":"https:\/\/voxvigor.se\/bricks-staging\/#\/schema\/person\/6317c8a7107854d8acfddb8fafcf0a47"},"headline":"Jul i gemenskap f\u00f6r att bek\u00e4mpa ensamhet","datePublished":"2023-12-19T15:53:55+00:00","dateModified":"2023-12-19T15:53:55+00:00","mainEntityOfPage":{"@id":"https:\/\/voxvigor.se\/bricks-staging\/jul-i-gemenskap\/"},"wordCount":1694,"commentCount":0,"publisher":{"@id":"https:\/\/voxvigor.se\/bricks-staging\/#organization"},"keywords":["ensamhet"],"articleSection":["Konsument","Spartips"],"inLanguage":"sv-SE","potentialAction":[{"@type":"CommentAction","name":"Comment","target":["https:\/\/voxvigor.se\/bricks-staging\/jul-i-gemenskap\/#respond"]}]},{"@type":"WebPage","@id":"https:\/\/voxvigor.se\/bricks-staging\/jul-i-gemenskap\/","url":"https:\/\/voxvigor.se\/bricks-staging\/jul-i-gemenskap\/","name":"Jul i gemenskap f\u00f6r att bek\u00e4mpa ensamhet - Bricks staging","isPartOf":{"@id":"https:\/\/voxvigor.se\/bricks-staging\/#website"},"datePublished":"2023-12-19T15:53:55+00:00","dateModified":"2023-12-19T15:53:55+00:00","breadcrumb":{"@id":"https:\/\/voxvigor.se\/bricks-staging\/jul-i-gemenskap\/#breadcrumb"},"inLanguage":"sv-SE","potentialAction":[{"@type":"ReadAction","target":["https:\/\/voxvigor.se\/bricks-staging\/jul-i-gemenskap\/"]}]},{"@type":"BreadcrumbList","@id":"https:\/\/voxvigor.se\/bricks-staging\/jul-i-gemenskap\/#breadcrumb","itemListElement":[{"@type":"ListItem","position":1,"name":"Start","item":"https:\/\/voxvigor.se\/bricks-staging\/"},{"@type":"ListItem","position":2,"name":"\u00d6vrigt","item":"https:\/\/voxvigor.se\/bricks-staging\/category\/ovrigt\/"},{"@type":"ListItem","position":3,"name":"Jul i gemenskap f\u00f6r att bek\u00e4mpa ensamhet"}]},{"@type":"WebSite","@id":"https:\/\/voxvigor.se\/bricks-staging\/#website","url":"https:\/\/voxvigor.se\/bricks-staging\/","name":"Bricks staging","description":"En n\u00e4ttidning f\u00f6r dig med psykisk oh\u00e4lsa","publisher":{"@id":"https:\/\/voxvigor.se\/bricks-staging\/#organization"},"potentialAction":[{"@type":"SearchAction","target":{"@type":"EntryPoint","urlTemplate":"https:\/\/voxvigor.se\/bricks-staging\/?s={search_term_string}"},"query-input":"required name=search_term_string"}],"inLanguage":"sv-SE"},{"@type":"Organization","@id":"https:\/\/voxvigor.se\/bricks-staging\/#organization","name":"Vox Vigor","url":"https:\/\/voxvigor.se\/bricks-staging\/","logo":{"@type":"ImageObject","inLanguage":"sv-SE","@id":"https:\/\/voxvigor.se\/bricks-staging\/#\/schema\/logo\/image\/","url":"https:\/\/voxvigor.se\/bricks-staging\/wp-content\/uploads\/2017\/12\/VoxVigorHeader.jpg","contentUrl":"https:\/\/voxvigor.se\/bricks-staging\/wp-content\/uploads\/2017\/12\/VoxVigorHeader.jpg","width":1024,"height":254,"caption":"Vox Vigor"},"image":{"@id":"https:\/\/voxvigor.se\/bricks-staging\/#\/schema\/logo\/image\/"},"sameAs":["https:\/\/www.facebook.com\/voxvigoruppsala"]},{"@type":"Person","@id":"https:\/\/voxvigor.se\/bricks-staging\/#\/schema\/person\/6317c8a7107854d8acfddb8fafcf0a47","name":"Vox Vigor","image":{"@type":"ImageObject","inLanguage":"sv-SE","@id":"https:\/\/voxvigor.se\/bricks-staging\/#\/schema\/person\/image\/","url":"https:\/\/secure.gravatar.com\/avatar\/c1e1e17b70478ec8e963d10e98122b95?s=96&d=mm&r=g","contentUrl":"https:\/\/secure.gravatar.com\/avatar\/c1e1e17b70478ec8e963d10e98122b95?s=96&d=mm&r=g","caption":"Vox Vigor"},"sameAs":["https:\/\/voxvigor.se\/bricks-staging"],"url":"https:\/\/voxvigor.se\/bricks-staging\/author\/voxvigorgmail-com\/"}]}},"_links":{"self":[{"href":"https:\/\/voxvigor.se\/bricks-staging\/wp-json\/wp\/v2\/posts\/13857"}],"collection":[{"href":"https:\/\/voxvigor.se\/bricks-staging\/wp-json\/wp\/v2\/posts"}],"about":[{"href":"https:\/\/voxvigor.se\/bricks-staging\/wp-json\/wp\/v2\/types\/post"}],"author":[{"embeddable":true,"href":"https:\/\/voxvigor.se\/bricks-staging\/wp-json\/wp\/v2\/users\/6"}],"replies":[{"embeddable":true,"href":"https:\/\/voxvigor.se\/bricks-staging\/wp-json\/wp\/v2\/comments?post=13857"}],"version-history":[{"count":0,"href":"https:\/\/voxvigor.se\/bricks-staging\/wp-json\/wp\/v2\/posts\/13857\/revisions"}],"wp:featuredmedia":[{"embeddable":true,"href":"https:\/\/voxvigor.se\/bricks-staging\/wp-json\/wp\/v2\/media\/13875"}],"wp:attachment":[{"href":"https:\/\/voxvigor.se\/bricks-staging\/wp-json\/wp\/v2\/media?parent=13857"}],"wp:term":[{"taxonomy":"category","embeddable":true,"href":"https:\/\/voxvigor.se\/bricks-staging\/wp-json\/wp\/v2\/categories?post=13857"},{"taxonomy":"post_tag","embeddable":true,"href":"https:\/\/voxvigor.se\/bricks-staging\/wp-json\/wp\/v2\/tags?post=13857"}],"curies":[{"name":"wp","href":"https:\/\/api.w.org\/{rel}","templated":true}]}}