{"id":13095,"date":"2023-11-01T08:03:00","date_gmt":"2023-11-01T07:03:00","guid":{"rendered":"https:\/\/voxvigor.se\/?p=13095"},"modified":"2023-11-01T08:03:00","modified_gmt":"2023-11-01T07:03:00","slug":"att-varda-mamma-den-sista-tiden-var-ett-sjalvklart-beslut","status":"publish","type":"post","link":"https:\/\/voxvigor.se\/bricks-staging\/att-varda-mamma-den-sista-tiden-var-ett-sjalvklart-beslut\/","title":{"rendered":"Att v\u00e5rda mamma den sista tiden var ett sj\u00e4lvklart beslut"},"content":{"rendered":"\n<p style=\"font-size:15px\"><strong>Ofta f\u00e5r man h\u00f6ra att m\u00e4nniskor beklagar sorgen d\u00e5 man f\u00f6rlorat n\u00e5gon n\u00e4rst\u00e5ende. Jag \u00f6nskar att alla var b\u00e4ttre p\u00e5 att visa sin tacksamhet, medan man faktiskt har varandra, skriver Susanna Nystr\u00f6m.<\/strong><\/p>\n\n\n\n<p>N\u00e4r n\u00e5gon \u00e4r d\u00f6d \u00e4r det f\u00f6r sent att s\u00e4ga hur mycket man \u00e4lskar personen, och blommorna som skickas till begravningen \u00e4r ingenting den d\u00f6da f\u00e5r ta emot eller uppleva. Fr\u00e5ga dig sj\u00e4lv&#8230;.vem gr\u00e5ter vid din grav??&#8230; 25 \u00e5r gammal f\u00f6rlorade jag min mamma. I \u00e5r blir det \u00e5tta \u00e5r sedan, men jag minns fortfarande v\u00e5r tid tillsammans som om det var ig\u00e5r.<\/p>\n\n\n\n<p>Det g\u00f6r stundtals s\u00e5 fruktansv\u00e4rt ont i mitt hj\u00e4rta, och sorgen finns fortfarande d\u00e4r. Inuti mig. Jag f\u00f6rs\u00f6ker bara l\u00e4ra mig att leva med den.&nbsp;<\/p>\n\n\n\n<p>Jag v\u00e4xte upp tillsammans med min mamma, som led av psykisk oh\u00e4lsa. Under min uppv\u00e4xt reflekterade jag inte s\u00e5 mycket kring den, det \u00e4r mer n\u00e4r jag blivit \u00e4ldre som jag b\u00f6rjat fundera kring hur den egentligen var.<\/p>\n\n\n\n<p>Min mamma var speciell, hon m\u00e5dde  d\u00e5ligt i perioder, och ibland blev hon s\u00e5 d\u00e5lig s\u00e5 hon hamnade p\u00e5 psykiatrin.&nbsp;<\/p>\n\n\n\n<p>F\u00f6r mig som barn var det sv\u00e5rt att hantera situationen, och jag minns idag, n\u00e4r jag t\u00e4nker efter att jag k\u00e4nde mig v\u00e4ldigt ensam i att min mamma m\u00e5dde d\u00e5ligt.&nbsp;<\/p>\n\n\n\n<h2 class=\"wp-block-heading has-medium-font-size\">Uppv\u00e4xt med mycket k\u00e4rlek<\/h2>\n\n\n\n<p>Jag blev tvungen att v\u00e4xa upp, fortare \u00e4n mina v\u00e4nner.<br>Jag minns min uppv\u00e4xt med b\u00e5de sorg, gl\u00e4dje, men framf\u00f6rallt , en massa massa k\u00e4rlek.&nbsp;<\/p>\n\n\n\n<p>Min mamma hade inte kapaciteten att s\u00e4tta gr\u00e4nser, men hon sa alltid till mig att jag var den finaste som fanns. Och att kunna visa k\u00e4rlek, \u00e4r f\u00f6r mig en oerh\u00f6rt viktig egenskap som f\u00f6r\u00e4lder.<\/p>\n\n\n\n<p>N\u00e4r jag var kring 20-\u00e5rs\u00e5ldern blev min mamma sjuk.<br>Och de tre sista m\u00e5naderna spenderade jag o\u00e4ndliga timmar med min mamma. Att v\u00e5rda en n\u00e4ra anh\u00f6rig i livets slutskede var f\u00f6r mig d\u00e5 ett sj\u00e4lvklart beslut, men jag erk\u00e4nner att det var den v\u00e4rsta, och b\u00e4sta tiden i mitt liv.&nbsp;&nbsp;<\/p>\n\n\n\n<p>Jag gav mig sj\u00e4lv m\u00f6jligheten att ge tillbaka den omv\u00e5rdnad hon gett mig genom kliven i livet. Den omv\u00e5rdnad hon visat mig n\u00e4r jag var yngre. Och den k\u00e4rlek hon sk\u00e4nkt mig under min uppv\u00e4xt. Det var som att vi bytte roller.&nbsp;<\/p>\n\n\n\n<p>N\u00e4r jag var liten var det mamma som f\u00f6rs\u00f6kte vara stark.&nbsp;<\/p>\n\n\n\n<p>Den h\u00e4r g\u00e5ngen var det jag som f\u00f6rs\u00f6kte vara stark f\u00f6r henne. Fast att jag egentligen bara ville skrika rakt ut, l\u00e4gga mig ner p\u00e5 golvet och gr\u00e5ta i fosterst\u00e4llning.&nbsp;<\/p>\n\n\n\n<p>Frustrationen \u00f6ver att jag inte kunde p\u00e5verka situationen, v\u00e4xte f\u00f6r varje dag. Och n\u00e4r l\u00e4karen sa att det inte fanns mer att g\u00f6ra, ville jag inte acceptera det.&nbsp;<\/p>\n\n\n\n<p>Mamma s\u00f6kte krafter att klara av saker, men hennes kropp stretade emot. Sjukdomen tog \u00f6ver henne, och hon blev smalare och svagare f\u00f6r varje dag som gick. Jag b\u00f6rjade f\u00f6rst\u00e5, att tiden tillsammans snart var slut. Att hon snart endast skulle finnas i mitt minne.&nbsp;<\/p>\n\n\n\n<p>Jag br\u00f6t ihop. Fick panik. Blev f\u00f6rbannad. Br\u00f6t ihop igen. Och s\u00e5 fortsatte det.&nbsp; Jag var en sorgsen trasig sj\u00e4l som f\u00f6rs\u00f6kte h\u00e5lla ihop mig sj\u00e4lv, finnas vid mammas sida, och samtidigt vara en bra mamma till min egen son, p\u00e5 en och samma g\u00e5ng.&nbsp;<\/p>\n\n\n\n<h2 class=\"wp-block-heading has-medium-font-size\">Valde att g\u00f6ra det b\u00e4sta f\u00f6r mamma<\/h2>\n\n\n\n<p>En dag best\u00e4mde jag mig. Jag valde att f\u00f6rs\u00f6ka g\u00f6ra det b\u00e4sta av situationen f\u00f6r mamma.<\/p>\n\n\n\n<p>Varje dag spelade jag mammas favoritl\u00e5tar, k\u00f6pte den mat hon var sugen p\u00e5, hj\u00e4lpte henne att duscha, tv\u00e4tta sig, kl\u00e4 sig, och sprang runt halva stan f\u00f6r att ge henne det hon var sugen p\u00e5.&nbsp;<\/p>\n\n\n\n<p>Dock hade aptiten g\u00e5tt \u00f6ver n\u00e4r jag kom tillbaka med det hon \u00f6nskade.&nbsp;<\/p>\n\n\n\n<p>Min maktl\u00f6shet i den situationen var fruktansv\u00e4rd. F\u00f6r f\u00f6rsta g\u00e5ngen i mitt liv hade jag gjort ALLT jag kunnat, men det r\u00e4ckte inte. Faktum kvarstod.&nbsp; Dagarna tillsammans med mamma var r\u00e4knade, och nu \u00e4nnu snabbare.&nbsp;<\/p>\n\n\n\n<p>Paniken i mig v\u00e4xte, men jag f\u00f6rs\u00f6kte h\u00e5lla mig lugn vid hennes sida, \u00e4ven om jag var tvungen att l\u00e4mna rummet ibland f\u00f6r att bryta ihop. D\u00e5 l\u00e4karna kom in &amp; ber\u00e4ttade att dom skulle sluta ge mamma blod k\u00e4ndes det som att en kniv h\u00f6gg mig rakt i hj\u00e4rtat. Jag sa panikslagen att dom m\u00e5ste kunna g\u00f6ra mer. N\u00e5gonting. Vad som helst. R\u00e4dda henne! Hon f\u00e5r inte d\u00f6. Hon ska inte d\u00f6 nu. Hon \u00e4r f\u00f6r ung.&nbsp;<\/p>\n\n\n\n<p>Jag har aldrig i hela mitt liv, k\u00e4nt mig s\u00e5 maktl\u00f6s. Jag hade r\u00e4ddat min mamma m\u00e5nga g\u00e5nger tidigare i livet, men f\u00f6r f\u00f6rsta g\u00e5ngen i mitt liv, kunde jag inte r\u00e4dda henne.<br>Ingen kunde.<\/p>\n\n\n\n<h2 class=\"wp-block-heading has-medium-font-size\">&#8221;Hon s\u00e5g s\u00e5 liten ut&#8221;<\/h2>\n\n\n\n<p>Under de sista dagarna pratade inte min mamma. Hon l\u00e5g bara och tittade p\u00e5 mig. Tittade med tomma \u00f6gon.<\/p>\n\n\n\n<p>Kvinnan som burit mig i nio m\u00e5nader, hon som alltid h\u00f6rts och synts, hon som stundtals genom kliven i livet drivit mig helt galen.&nbsp;<\/p>\n\n\n\n<p>\u00d6gonen som alltid varit fulla av liv. Kvinnan som alltid varit full av ord. L\u00e5g nu tystare \u00e4n n\u00e5gonsin, framf\u00f6r mig och v\u00e4ntade. V\u00e4ntade p\u00e5 d\u00f6den.<\/p>\n\n\n\n<p>En natt n\u00e4r jag inte kunde sova l\u00e5g jag l\u00e4nge och tittade p\u00e5 henne. Mamma s\u00e5g p\u00e5 mig med tomma blanka \u00f6gon, och en t\u00e5r f\u00f6ll ner fr\u00e5n hennes kind.&nbsp;<\/p>\n\n\n\n<p>Jag str\u00f6k mamma p\u00e5 kinden och hon fortsatte kolla p\u00e5 mig med en tr\u00f6tt, tom blick.&nbsp;<\/p>\n\n\n\n<p>Jag fick t\u00e5rar i \u00f6gonen, och tittade p\u00e5 henne en l\u00e5ng stund. Hon s\u00e5g s\u00e5 liten ut. S\u00e5 svag. S\u00e5 sk\u00f6r.&nbsp;<\/p>\n\n\n\n<p>Jag s\u00e5g mamma djupt i \u00f6gonen och sa: Mamma? Om du h\u00f6r mig nu. Blinka 2 g\u00e5nger. Mamma blinkade en g\u00e5ng &#8230;. och sen en till!&nbsp;<\/p>\n\n\n\n<p>Min lycka i den sekunden g\u00e5r inte att beskriva. Jag skrek rakt ut, hoppade p\u00e5 henne &amp; pussade henne p\u00e5 pannan. Jag minns hur jag skrek n\u00e5got i stil med &#8221;Jag visste att jag inte gjort allting f\u00f6rg\u00e4ves. Jag visste det. Visst har du h\u00f6rt att jag spelat dina favoritl\u00e5tar? Visst har du sett att jag varit h\u00e4r? H\u00f6rt mig n\u00e4r jag pratat? &#8221; Mamma kollade p\u00e5 mig, utan n\u00e5got svar tillbaka. D\u00e5 slog verkligheten mig h\u00e5rt.&nbsp;<\/p>\n\n\n\n<p>Mamma skulle aldrig mer prata med mig. Jag skulle aldrig n\u00e5gonsin f\u00e5 h\u00f6ra hennes r\u00f6st igen.<\/p>\n\n\n\n<p>Hon h\u00f6rde mig, men hon kunde inte f\u00f6rmedla sig. Hon lyssnade, men hon kunde inte svara.&nbsp;<\/p>\n\n\n\n<h2 class=\"wp-block-heading has-medium-font-size\">Pratade med mamma de sista dagarna<\/h2>\n\n\n\n<p>Den kv\u00e4llen valde jag att prata med henne. Jag pratade om min uppv\u00e4xt, om hon som mamma, om hur ledsen jag var f\u00f6r alla de g\u00e5nger vi br\u00e5kat, \u00f6ver de g\u00e5nger jag ignorerat hennes sms.<br>Jag bad om urs\u00e4kt f\u00f6r de g\u00e5nger jag behandlat henne mindre bra, och jag ber\u00e4ttade f\u00f6r henne att jag aldrig n\u00e5gonsin skulle bytt ut min uppv\u00e4xt emot n\u00e5gon annan.&nbsp;<\/p>\n\n\n\n<p>Jag gr\u00e4t, t\u00e5rarna forsade, jag skakade, men jag fick fram orden. Jag sa allting jag k\u00e4nde. Allt som jag burit p\u00e5, men som jag aldrig sagt.&nbsp;<\/p>\n\n\n\n<p>Jag ville ge mamma lugn &amp; ro. Jag sa till henne att hon inte beh\u00f6vde vara orolig f\u00f6r mig. Att jag skulle vara r\u00e4dd om mig. Att jag aldrig skulle ge upp.&nbsp;<\/p>\n\n\n\n<p>Jag ber\u00e4ttade f\u00f6r mamma att jag vet att hon kommer att hamna p\u00e5 en b\u00e4ttre plats, d\u00e4r hon f\u00e5r lugn och ro.&nbsp;<\/p>\n\n\n\n<p>Jag sa till henne att hon alltid kommer leva vidare, f\u00f6r varje g\u00e5ng jag ser mig i spegeln p\u00e5minns jag av henne.&nbsp;<\/p>\n\n\n\n<p>Min mamma var speciell p\u00e5 m\u00e5nga s\u00e4tt &amp; vis. Vi b\u00e5da tv\u00e5 har varit m\u00e4nniskor som testat varandras t\u00e5lamod fler \u00e4n en g\u00e5ng. Man kan s\u00e4ga vad man vill om min mamma, men hennes k\u00e4rlek till mig har varit o\u00e4ndlig. F\u00f6r mig har hon varit beredd att g\u00e5 igenom eld och vatten.&nbsp;<\/p>\n\n\n\n<p>Och hennes k\u00e4rlek f\u00f6r mig har jag aldrig n\u00e5gonsin tvivlat p\u00e5.&nbsp;<\/p>\n\n\n\n<p>Hennes ord har gjort s\u00e5 att jag tror p\u00e5 mig sj\u00e4lv, och orden &#8221;du \u00e4r den finaste jag vet&#8221; ekar fortfarande i mitt huvud. \u00c4ven fast att det har g\u00e5tt sex \u00e5r sedan den natten.&nbsp;<\/p>\n\n\n\n<p>Den natten, som var mammas sista natt h\u00e4r p\u00e5 jorden.&nbsp;<\/p>\n\n\n\n<p>Klockan 9.45 kom hennes d\u00e5varande kille f\u00f6rbi &amp; jag passade d\u00e5 p\u00e5 att springa iv\u00e4g till mormor som bodde 500 meter bort&nbsp; f\u00f6r att byta kl\u00e4der och duscha.&nbsp;<\/p>\n\n\n\n<p>Mamma var vaken, d\u00e5 jag pussade henne p\u00e5 pannan &amp; sa att jag bara skulle duscha. Att jag snart skulle vara tillbaka. Att jag \u00e4lskade henne. 10.02 ringde mammas kille &amp; sa att jag var tvungen att skynda mig tillbaka.&nbsp;<\/p>\n\n\n\n<p>Jag sprang, jag sprang f\u00f6r livet, men n\u00e4r jag kom in var det redan f\u00f6rsent. Hon hade l\u00e4mnat oss.&nbsp;<\/p>\n\n\n\n<h2 class=\"wp-block-heading has-medium-font-size\"><strong>Mamma ville f\u00f6rmodligen inte att jag skulle vara d\u00e4r<\/strong><\/h2>\n\n\n\n<p>Jag har slagit p\u00e5 mig sj\u00e4lv s\u00e5 m\u00e5nga g\u00e5nger f\u00f6r att jag gick iv\u00e4g. Samvetet har aldrig varit s\u00e5 d\u00e5ligt, som just denna stund. Jag ville ju vara d\u00e4r. Jag ville att hon skulle k\u00e4nna min n\u00e4rvaro in i det sista. Men trots att jag varit vid hennes sida hennes sista m\u00e5nader i livet, var jag inte d\u00e4r n\u00e4r hon l\u00e4mnade jorden. L\u00e4mnade livet. L\u00e4mnade mig.&nbsp;<\/p>\n\n\n\n<p>Tanken som r\u00e4ddat mig fr\u00e5n att det d\u00e5liga samvetet skulle kv\u00e4va mig har varit: Mamma ville f\u00f6rmodligen inte att jag skulle vara d\u00e4r. Inte just den stunden. Hon valde nog att somna in, d\u00e5 jag gick. Och jag f\u00e5r leva med, att det var s\u00e5 hon ville ha det.&#8221;&nbsp;<\/p>\n\n\n\n<p>Varma h\u00e4lsningar&nbsp;<\/p>\n\n\n\n<p>Susanna Nystr\u00f6m&nbsp;<\/p>\n\n\n\n<p><strong>Foto<\/strong>: Privat och Pixabay<\/p>\n","protected":false},"excerpt":{"rendered":"<p>Ofta f\u00e5r man h\u00f6ra att m\u00e4nniskor beklagar sorgen d\u00e5 man f\u00f6rlorat n\u00e5gon n\u00e4rst\u00e5ende. Jag \u00f6nskar att alla var b\u00e4ttre p\u00e5 att visa sin tacksamhet, medan man faktiskt har varandra, skriver [&hellip;]<\/p>\n","protected":false},"author":6,"featured_media":13097,"comment_status":"open","ping_status":"open","sticky":false,"template":"","format":"standard","meta":{"_acf_changed":false,"footnotes":""},"categories":[13],"tags":[],"acf":[],"yoast_head":"<!-- This site is optimized with the Yoast SEO plugin v22.0 - https:\/\/yoast.com\/wordpress\/plugins\/seo\/ -->\n<title>Att v\u00e5rda mamma den sista tiden var ett sj\u00e4lvklart beslut - Bricks staging<\/title>\n<meta name=\"robots\" content=\"index, follow, max-snippet:-1, max-image-preview:large, max-video-preview:-1\" \/>\n<link rel=\"canonical\" href=\"https:\/\/voxvigor.se\/bricks-staging\/att-varda-mamma-den-sista-tiden-var-ett-sjalvklart-beslut\/\" \/>\n<meta property=\"og:locale\" content=\"sv_SE\" \/>\n<meta property=\"og:type\" content=\"article\" \/>\n<meta property=\"og:title\" content=\"Att v\u00e5rda mamma den sista tiden var ett sj\u00e4lvklart beslut - Bricks staging\" \/>\n<meta property=\"og:description\" content=\"Ofta f\u00e5r man h\u00f6ra att m\u00e4nniskor beklagar sorgen d\u00e5 man f\u00f6rlorat n\u00e5gon n\u00e4rst\u00e5ende. Jag \u00f6nskar att alla var b\u00e4ttre p\u00e5 att visa sin tacksamhet, medan man faktiskt har varandra, skriver [&hellip;]\" \/>\n<meta property=\"og:url\" content=\"https:\/\/voxvigor.se\/bricks-staging\/att-varda-mamma-den-sista-tiden-var-ett-sjalvklart-beslut\/\" \/>\n<meta property=\"og:site_name\" content=\"Bricks staging\" \/>\n<meta property=\"article:publisher\" content=\"https:\/\/www.facebook.com\/voxvigoruppsala\" \/>\n<meta property=\"article:published_time\" content=\"2023-11-01T07:03:00+00:00\" \/>\n<meta property=\"og:image\" content=\"https:\/\/voxvigor.se\/bricks-staging\/wp-content\/uploads\/2023\/10\/Angelsusanne.png\" \/>\n\t<meta property=\"og:image:width\" content=\"1228\" \/>\n\t<meta property=\"og:image:height\" content=\"820\" \/>\n\t<meta property=\"og:image:type\" content=\"image\/png\" \/>\n<meta name=\"author\" content=\"Vox Vigor\" \/>\n<meta name=\"twitter:card\" content=\"summary_large_image\" \/>\n<meta name=\"twitter:label1\" content=\"Skriven av\" \/>\n\t<meta name=\"twitter:data1\" content=\"Vox Vigor\" \/>\n\t<meta name=\"twitter:label2\" content=\"Ber\u00e4knad l\u00e4stid\" \/>\n\t<meta name=\"twitter:data2\" content=\"8 minuter\" \/>\n<script type=\"application\/ld+json\" class=\"yoast-schema-graph\">{\"@context\":\"https:\/\/schema.org\",\"@graph\":[{\"@type\":\"Article\",\"@id\":\"https:\/\/voxvigor.se\/bricks-staging\/att-varda-mamma-den-sista-tiden-var-ett-sjalvklart-beslut\/#article\",\"isPartOf\":{\"@id\":\"https:\/\/voxvigor.se\/bricks-staging\/att-varda-mamma-den-sista-tiden-var-ett-sjalvklart-beslut\/\"},\"author\":{\"name\":\"Vox Vigor\",\"@id\":\"https:\/\/voxvigor.se\/bricks-staging\/#\/schema\/person\/6317c8a7107854d8acfddb8fafcf0a47\"},\"headline\":\"Att v\u00e5rda mamma den sista tiden var ett sj\u00e4lvklart beslut\",\"datePublished\":\"2023-11-01T07:03:00+00:00\",\"dateModified\":\"2023-11-01T07:03:00+00:00\",\"mainEntityOfPage\":{\"@id\":\"https:\/\/voxvigor.se\/bricks-staging\/att-varda-mamma-den-sista-tiden-var-ett-sjalvklart-beslut\/\"},\"wordCount\":1847,\"commentCount\":0,\"publisher\":{\"@id\":\"https:\/\/voxvigor.se\/bricks-staging\/#organization\"},\"articleSection\":[\"Ins\u00e4ndare\"],\"inLanguage\":\"sv-SE\",\"potentialAction\":[{\"@type\":\"CommentAction\",\"name\":\"Comment\",\"target\":[\"https:\/\/voxvigor.se\/bricks-staging\/att-varda-mamma-den-sista-tiden-var-ett-sjalvklart-beslut\/#respond\"]}]},{\"@type\":\"WebPage\",\"@id\":\"https:\/\/voxvigor.se\/bricks-staging\/att-varda-mamma-den-sista-tiden-var-ett-sjalvklart-beslut\/\",\"url\":\"https:\/\/voxvigor.se\/bricks-staging\/att-varda-mamma-den-sista-tiden-var-ett-sjalvklart-beslut\/\",\"name\":\"Att v\u00e5rda mamma den sista tiden var ett sj\u00e4lvklart beslut - Bricks staging\",\"isPartOf\":{\"@id\":\"https:\/\/voxvigor.se\/bricks-staging\/#website\"},\"datePublished\":\"2023-11-01T07:03:00+00:00\",\"dateModified\":\"2023-11-01T07:03:00+00:00\",\"breadcrumb\":{\"@id\":\"https:\/\/voxvigor.se\/bricks-staging\/att-varda-mamma-den-sista-tiden-var-ett-sjalvklart-beslut\/#breadcrumb\"},\"inLanguage\":\"sv-SE\",\"potentialAction\":[{\"@type\":\"ReadAction\",\"target\":[\"https:\/\/voxvigor.se\/bricks-staging\/att-varda-mamma-den-sista-tiden-var-ett-sjalvklart-beslut\/\"]}]},{\"@type\":\"BreadcrumbList\",\"@id\":\"https:\/\/voxvigor.se\/bricks-staging\/att-varda-mamma-den-sista-tiden-var-ett-sjalvklart-beslut\/#breadcrumb\",\"itemListElement\":[{\"@type\":\"ListItem\",\"position\":1,\"name\":\"Start\",\"item\":\"https:\/\/voxvigor.se\/bricks-staging\/\"},{\"@type\":\"ListItem\",\"position\":2,\"name\":\"\u00d6vrigt\",\"item\":\"https:\/\/voxvigor.se\/bricks-staging\/category\/ovrigt\/\"},{\"@type\":\"ListItem\",\"position\":3,\"name\":\"Att v\u00e5rda mamma den sista tiden var ett sj\u00e4lvklart beslut\"}]},{\"@type\":\"WebSite\",\"@id\":\"https:\/\/voxvigor.se\/bricks-staging\/#website\",\"url\":\"https:\/\/voxvigor.se\/bricks-staging\/\",\"name\":\"Bricks staging\",\"description\":\"En n\u00e4ttidning f\u00f6r dig med psykisk oh\u00e4lsa\",\"publisher\":{\"@id\":\"https:\/\/voxvigor.se\/bricks-staging\/#organization\"},\"potentialAction\":[{\"@type\":\"SearchAction\",\"target\":{\"@type\":\"EntryPoint\",\"urlTemplate\":\"https:\/\/voxvigor.se\/bricks-staging\/?s={search_term_string}\"},\"query-input\":\"required name=search_term_string\"}],\"inLanguage\":\"sv-SE\"},{\"@type\":\"Organization\",\"@id\":\"https:\/\/voxvigor.se\/bricks-staging\/#organization\",\"name\":\"Vox Vigor\",\"url\":\"https:\/\/voxvigor.se\/bricks-staging\/\",\"logo\":{\"@type\":\"ImageObject\",\"inLanguage\":\"sv-SE\",\"@id\":\"https:\/\/voxvigor.se\/bricks-staging\/#\/schema\/logo\/image\/\",\"url\":\"https:\/\/voxvigor.se\/bricks-staging\/wp-content\/uploads\/2017\/12\/VoxVigorHeader.jpg\",\"contentUrl\":\"https:\/\/voxvigor.se\/bricks-staging\/wp-content\/uploads\/2017\/12\/VoxVigorHeader.jpg\",\"width\":1024,\"height\":254,\"caption\":\"Vox Vigor\"},\"image\":{\"@id\":\"https:\/\/voxvigor.se\/bricks-staging\/#\/schema\/logo\/image\/\"},\"sameAs\":[\"https:\/\/www.facebook.com\/voxvigoruppsala\"]},{\"@type\":\"Person\",\"@id\":\"https:\/\/voxvigor.se\/bricks-staging\/#\/schema\/person\/6317c8a7107854d8acfddb8fafcf0a47\",\"name\":\"Vox Vigor\",\"image\":{\"@type\":\"ImageObject\",\"inLanguage\":\"sv-SE\",\"@id\":\"https:\/\/voxvigor.se\/bricks-staging\/#\/schema\/person\/image\/\",\"url\":\"https:\/\/secure.gravatar.com\/avatar\/c1e1e17b70478ec8e963d10e98122b95?s=96&d=mm&r=g\",\"contentUrl\":\"https:\/\/secure.gravatar.com\/avatar\/c1e1e17b70478ec8e963d10e98122b95?s=96&d=mm&r=g\",\"caption\":\"Vox Vigor\"},\"sameAs\":[\"https:\/\/voxvigor.se\/bricks-staging\"],\"url\":\"https:\/\/voxvigor.se\/bricks-staging\/author\/voxvigorgmail-com\/\"}]}<\/script>\n<!-- \/ Yoast SEO plugin. -->","yoast_head_json":{"title":"Att v\u00e5rda mamma den sista tiden var ett sj\u00e4lvklart beslut - Bricks staging","robots":{"index":"index","follow":"follow","max-snippet":"max-snippet:-1","max-image-preview":"max-image-preview:large","max-video-preview":"max-video-preview:-1"},"canonical":"https:\/\/voxvigor.se\/bricks-staging\/att-varda-mamma-den-sista-tiden-var-ett-sjalvklart-beslut\/","og_locale":"sv_SE","og_type":"article","og_title":"Att v\u00e5rda mamma den sista tiden var ett sj\u00e4lvklart beslut - Bricks staging","og_description":"Ofta f\u00e5r man h\u00f6ra att m\u00e4nniskor beklagar sorgen d\u00e5 man f\u00f6rlorat n\u00e5gon n\u00e4rst\u00e5ende. Jag \u00f6nskar att alla var b\u00e4ttre p\u00e5 att visa sin tacksamhet, medan man faktiskt har varandra, skriver [&hellip;]","og_url":"https:\/\/voxvigor.se\/bricks-staging\/att-varda-mamma-den-sista-tiden-var-ett-sjalvklart-beslut\/","og_site_name":"Bricks staging","article_publisher":"https:\/\/www.facebook.com\/voxvigoruppsala","article_published_time":"2023-11-01T07:03:00+00:00","og_image":[{"width":1228,"height":820,"url":"https:\/\/voxvigor.se\/bricks-staging\/wp-content\/uploads\/2023\/10\/Angelsusanne.png","type":"image\/png"}],"author":"Vox Vigor","twitter_card":"summary_large_image","twitter_misc":{"Skriven av":"Vox Vigor","Ber\u00e4knad l\u00e4stid":"8 minuter"},"schema":{"@context":"https:\/\/schema.org","@graph":[{"@type":"Article","@id":"https:\/\/voxvigor.se\/bricks-staging\/att-varda-mamma-den-sista-tiden-var-ett-sjalvklart-beslut\/#article","isPartOf":{"@id":"https:\/\/voxvigor.se\/bricks-staging\/att-varda-mamma-den-sista-tiden-var-ett-sjalvklart-beslut\/"},"author":{"name":"Vox Vigor","@id":"https:\/\/voxvigor.se\/bricks-staging\/#\/schema\/person\/6317c8a7107854d8acfddb8fafcf0a47"},"headline":"Att v\u00e5rda mamma den sista tiden var ett sj\u00e4lvklart beslut","datePublished":"2023-11-01T07:03:00+00:00","dateModified":"2023-11-01T07:03:00+00:00","mainEntityOfPage":{"@id":"https:\/\/voxvigor.se\/bricks-staging\/att-varda-mamma-den-sista-tiden-var-ett-sjalvklart-beslut\/"},"wordCount":1847,"commentCount":0,"publisher":{"@id":"https:\/\/voxvigor.se\/bricks-staging\/#organization"},"articleSection":["Ins\u00e4ndare"],"inLanguage":"sv-SE","potentialAction":[{"@type":"CommentAction","name":"Comment","target":["https:\/\/voxvigor.se\/bricks-staging\/att-varda-mamma-den-sista-tiden-var-ett-sjalvklart-beslut\/#respond"]}]},{"@type":"WebPage","@id":"https:\/\/voxvigor.se\/bricks-staging\/att-varda-mamma-den-sista-tiden-var-ett-sjalvklart-beslut\/","url":"https:\/\/voxvigor.se\/bricks-staging\/att-varda-mamma-den-sista-tiden-var-ett-sjalvklart-beslut\/","name":"Att v\u00e5rda mamma den sista tiden var ett sj\u00e4lvklart beslut - Bricks staging","isPartOf":{"@id":"https:\/\/voxvigor.se\/bricks-staging\/#website"},"datePublished":"2023-11-01T07:03:00+00:00","dateModified":"2023-11-01T07:03:00+00:00","breadcrumb":{"@id":"https:\/\/voxvigor.se\/bricks-staging\/att-varda-mamma-den-sista-tiden-var-ett-sjalvklart-beslut\/#breadcrumb"},"inLanguage":"sv-SE","potentialAction":[{"@type":"ReadAction","target":["https:\/\/voxvigor.se\/bricks-staging\/att-varda-mamma-den-sista-tiden-var-ett-sjalvklart-beslut\/"]}]},{"@type":"BreadcrumbList","@id":"https:\/\/voxvigor.se\/bricks-staging\/att-varda-mamma-den-sista-tiden-var-ett-sjalvklart-beslut\/#breadcrumb","itemListElement":[{"@type":"ListItem","position":1,"name":"Start","item":"https:\/\/voxvigor.se\/bricks-staging\/"},{"@type":"ListItem","position":2,"name":"\u00d6vrigt","item":"https:\/\/voxvigor.se\/bricks-staging\/category\/ovrigt\/"},{"@type":"ListItem","position":3,"name":"Att v\u00e5rda mamma den sista tiden var ett sj\u00e4lvklart beslut"}]},{"@type":"WebSite","@id":"https:\/\/voxvigor.se\/bricks-staging\/#website","url":"https:\/\/voxvigor.se\/bricks-staging\/","name":"Bricks staging","description":"En n\u00e4ttidning f\u00f6r dig med psykisk oh\u00e4lsa","publisher":{"@id":"https:\/\/voxvigor.se\/bricks-staging\/#organization"},"potentialAction":[{"@type":"SearchAction","target":{"@type":"EntryPoint","urlTemplate":"https:\/\/voxvigor.se\/bricks-staging\/?s={search_term_string}"},"query-input":"required name=search_term_string"}],"inLanguage":"sv-SE"},{"@type":"Organization","@id":"https:\/\/voxvigor.se\/bricks-staging\/#organization","name":"Vox Vigor","url":"https:\/\/voxvigor.se\/bricks-staging\/","logo":{"@type":"ImageObject","inLanguage":"sv-SE","@id":"https:\/\/voxvigor.se\/bricks-staging\/#\/schema\/logo\/image\/","url":"https:\/\/voxvigor.se\/bricks-staging\/wp-content\/uploads\/2017\/12\/VoxVigorHeader.jpg","contentUrl":"https:\/\/voxvigor.se\/bricks-staging\/wp-content\/uploads\/2017\/12\/VoxVigorHeader.jpg","width":1024,"height":254,"caption":"Vox Vigor"},"image":{"@id":"https:\/\/voxvigor.se\/bricks-staging\/#\/schema\/logo\/image\/"},"sameAs":["https:\/\/www.facebook.com\/voxvigoruppsala"]},{"@type":"Person","@id":"https:\/\/voxvigor.se\/bricks-staging\/#\/schema\/person\/6317c8a7107854d8acfddb8fafcf0a47","name":"Vox Vigor","image":{"@type":"ImageObject","inLanguage":"sv-SE","@id":"https:\/\/voxvigor.se\/bricks-staging\/#\/schema\/person\/image\/","url":"https:\/\/secure.gravatar.com\/avatar\/c1e1e17b70478ec8e963d10e98122b95?s=96&d=mm&r=g","contentUrl":"https:\/\/secure.gravatar.com\/avatar\/c1e1e17b70478ec8e963d10e98122b95?s=96&d=mm&r=g","caption":"Vox Vigor"},"sameAs":["https:\/\/voxvigor.se\/bricks-staging"],"url":"https:\/\/voxvigor.se\/bricks-staging\/author\/voxvigorgmail-com\/"}]}},"_links":{"self":[{"href":"https:\/\/voxvigor.se\/bricks-staging\/wp-json\/wp\/v2\/posts\/13095"}],"collection":[{"href":"https:\/\/voxvigor.se\/bricks-staging\/wp-json\/wp\/v2\/posts"}],"about":[{"href":"https:\/\/voxvigor.se\/bricks-staging\/wp-json\/wp\/v2\/types\/post"}],"author":[{"embeddable":true,"href":"https:\/\/voxvigor.se\/bricks-staging\/wp-json\/wp\/v2\/users\/6"}],"replies":[{"embeddable":true,"href":"https:\/\/voxvigor.se\/bricks-staging\/wp-json\/wp\/v2\/comments?post=13095"}],"version-history":[{"count":0,"href":"https:\/\/voxvigor.se\/bricks-staging\/wp-json\/wp\/v2\/posts\/13095\/revisions"}],"wp:featuredmedia":[{"embeddable":true,"href":"https:\/\/voxvigor.se\/bricks-staging\/wp-json\/wp\/v2\/media\/13097"}],"wp:attachment":[{"href":"https:\/\/voxvigor.se\/bricks-staging\/wp-json\/wp\/v2\/media?parent=13095"}],"wp:term":[{"taxonomy":"category","embeddable":true,"href":"https:\/\/voxvigor.se\/bricks-staging\/wp-json\/wp\/v2\/categories?post=13095"},{"taxonomy":"post_tag","embeddable":true,"href":"https:\/\/voxvigor.se\/bricks-staging\/wp-json\/wp\/v2\/tags?post=13095"}],"curies":[{"name":"wp","href":"https:\/\/api.w.org\/{rel}","templated":true}]}}